{"id":13581,"date":"2025-11-12T12:43:43","date_gmt":"2025-11-12T11:43:43","guid":{"rendered":"https:\/\/www.franziskaneum.de\/wp\/?p=13581"},"modified":"2025-11-12T12:43:45","modified_gmt":"2025-11-12T11:43:45","slug":"paedagogische-tage-am-franziskaneum-17-18-11-2025","status":"publish","type":"post","link":"https:\/\/www.franziskaneum.de\/wp\/2025\/11\/12\/paedagogische-tage-am-franziskaneum-17-18-11-2025\/","title":{"rendered":"P\u00e4dagogische Tage am Franziskaneum \u2013 17.\/18.11.2025"},"content":{"rendered":"\n<p>Sehr geehrte Eltern, liebe Sch\u00fclerinnen und Sch\u00fcler, &nbsp;<\/p>\n\n\n\n<p>wie in jedem Jahr f\u00fchren wir vor dem Bu\u00df- und Bettag schulinterne Fortbildungen im gesamten Kollegium durch. In diesem Jahr widmen wir uns den Themen \u201eKommunikation\u201c, \u201eGesundheit von Lehrenden und Lernenden\u201c und \u201eUmgang mit Konflikten\u201c.<\/p>\n\n\n\n<p>F\u00fcr die Sch\u00fclerinnen und Sch\u00fcler sind beide Tage Selbststudientage. Die Aufgaben wurden von den Lehrkr\u00e4ften \u00fcbermittelt oder werden in Lernsax bereitgestellt. Eine Notbetreuung in der Schule ist f\u00fcr j\u00fcngere Kinder m\u00f6glich. Bitte melden Sie diesen Bedarf bis zum Freitag im Sekretariat an.<\/p>\n\n\n\n<p><em>Heike Zimmer, Schulleiterin<\/em><\/p>\n","protected":false},"excerpt":{"rendered":"<p>Sehr geehrte Eltern, liebe Sch\u00fclerinnen und Sch\u00fcler, &nbsp; wie in jedem Jahr f\u00fchren wir vor dem Bu\u00df- und Bettag schulinterne Fortbildungen im&#8230;<\/p>\n","protected":false},"author":8,"featured_media":0,"comment_status":"closed","ping_status":"closed","sticky":false,"template":"","format":"standard","meta":{"_kadence_starter_templates_imported_post":false,"_kad_post_transparent":"","_kad_post_title":"","_kad_post_layout":"","_kad_post_sidebar_id":"","_kad_post_content_style":"","_kad_post_vertical_padding":"","_kad_post_feature":"","_kad_post_feature_position":"","_kad_post_header":false,"_kad_post_footer":false,"_kad_post_classname":"","footnotes":""},"categories":[65,1],"tags":[],"class_list":["post-13581","post","type-post","status-publish","format-standard","hentry","category-aktuelles","category-allgemein"],"_links":{"self":[{"href":"https:\/\/www.franziskaneum.de\/wp\/wp-json\/wp\/v2\/posts\/13581","targetHints":{"allow":["GET"]}}],"collection":[{"href":"https:\/\/www.franziskaneum.de\/wp\/wp-json\/wp\/v2\/posts"}],"about":[{"href":"https:\/\/www.franziskaneum.de\/wp\/wp-json\/wp\/v2\/types\/post"}],"author":[{"embeddable":true,"href":"https:\/\/www.franziskaneum.de\/wp\/wp-json\/wp\/v2\/users\/8"}],"replies":[{"embeddable":true,"href":"https:\/\/www.franziskaneum.de\/wp\/wp-json\/wp\/v2\/comments?post=13581"}],"version-history":[{"count":1,"href":"https:\/\/www.franziskaneum.de\/wp\/wp-json\/wp\/v2\/posts\/13581\/revisions"}],"predecessor-version":[{"id":13582,"href":"https:\/\/www.franziskaneum.de\/wp\/wp-json\/wp\/v2\/posts\/13581\/revisions\/13582"}],"wp:attachment":[{"href":"https:\/\/www.franziskaneum.de\/wp\/wp-json\/wp\/v2\/media?parent=13581"}],"wp:term":[{"taxonomy":"category","embeddable":true,"href":"https:\/\/www.franziskaneum.de\/wp\/wp-json\/wp\/v2\/categories?post=13581"},{"taxonomy":"post_tag","embeddable":true,"href":"https:\/\/www.franziskaneum.de\/wp\/wp-json\/wp\/v2\/tags?post=13581"}],"curies":[{"name":"wp","href":"https:\/\/api.w.org\/{rel}","templated":true}]}}