{"id":13614,"date":"2025-12-19T11:29:31","date_gmt":"2025-12-19T10:29:31","guid":{"rendered":"https:\/\/www.franziskaneum.de\/wp\/?p=13614"},"modified":"2025-12-19T11:29:33","modified_gmt":"2025-12-19T10:29:33","slug":"weihnachtsgruss-2","status":"publish","type":"post","link":"https:\/\/www.franziskaneum.de\/wp\/2025\/12\/19\/weihnachtsgruss-2\/","title":{"rendered":"Weihnachtsgru\u00df"},"content":{"rendered":"\n<p>Mit einem zauberhaften Weihnachts-Wandel-Konzert und froher Stimmung beim gemeinsamen Singen auf dem Schulhof verabschiedeten wir uns in die wohlverdienten Weihnachtsferien. Der gesamten Schulgemeinschaft w\u00fcnsche ich ein frohes Fest und erholsame Feier- bzw.- Ferientage. Herzlichen Dank unseren Lehrkr\u00e4ften, die mit vielen \u00dcberstunden und gro\u00dfer Flexibilit\u00e4t t\u00e4glich f\u00fcr guten Unterricht sorgten! Herzlichen Dank unserem aktiven Elternrat f\u00fcr die tatkr\u00e4ftige Unterst\u00fctzung! Danke allen, die jeden Tag dazu beitragen, dass unser Franziskaneum ein Ort des Lernens und freundlichen Zusammenarbeitens ist. Genie\u00dfen Sie, genie\u00dft ihr nun die freie Zeit.<\/p>\n\n\n\n<p>Herzliche Gr\u00fc\u00dfe, Heike Zimmer<\/p>\n","protected":false},"excerpt":{"rendered":"<p>Mit einem zauberhaften Weihnachts-Wandel-Konzert und froher Stimmung beim gemeinsamen Singen auf dem Schulhof verabschiedeten wir uns in die wohlverdienten Weihnachtsferien. Der gesamten&#8230;<\/p>\n","protected":false},"author":8,"featured_media":0,"comment_status":"closed","ping_status":"closed","sticky":false,"template":"","format":"standard","meta":{"_kadence_starter_templates_imported_post":false,"_kad_post_transparent":"","_kad_post_title":"","_kad_post_layout":"","_kad_post_sidebar_id":"","_kad_post_content_style":"","_kad_post_vertical_padding":"","_kad_post_feature":"","_kad_post_feature_position":"","_kad_post_header":false,"_kad_post_footer":false,"_kad_post_classname":"","footnotes":""},"categories":[65,1],"tags":[],"class_list":["post-13614","post","type-post","status-publish","format-standard","hentry","category-aktuelles","category-allgemein"],"_links":{"self":[{"href":"https:\/\/www.franziskaneum.de\/wp\/wp-json\/wp\/v2\/posts\/13614","targetHints":{"allow":["GET"]}}],"collection":[{"href":"https:\/\/www.franziskaneum.de\/wp\/wp-json\/wp\/v2\/posts"}],"about":[{"href":"https:\/\/www.franziskaneum.de\/wp\/wp-json\/wp\/v2\/types\/post"}],"author":[{"embeddable":true,"href":"https:\/\/www.franziskaneum.de\/wp\/wp-json\/wp\/v2\/users\/8"}],"replies":[{"embeddable":true,"href":"https:\/\/www.franziskaneum.de\/wp\/wp-json\/wp\/v2\/comments?post=13614"}],"version-history":[{"count":1,"href":"https:\/\/www.franziskaneum.de\/wp\/wp-json\/wp\/v2\/posts\/13614\/revisions"}],"predecessor-version":[{"id":13615,"href":"https:\/\/www.franziskaneum.de\/wp\/wp-json\/wp\/v2\/posts\/13614\/revisions\/13615"}],"wp:attachment":[{"href":"https:\/\/www.franziskaneum.de\/wp\/wp-json\/wp\/v2\/media?parent=13614"}],"wp:term":[{"taxonomy":"category","embeddable":true,"href":"https:\/\/www.franziskaneum.de\/wp\/wp-json\/wp\/v2\/categories?post=13614"},{"taxonomy":"post_tag","embeddable":true,"href":"https:\/\/www.franziskaneum.de\/wp\/wp-json\/wp\/v2\/tags?post=13614"}],"curies":[{"name":"wp","href":"https:\/\/api.w.org\/{rel}","templated":true}]}}