{"id":8211,"date":"2015-04-03T12:39:29","date_gmt":"2015-04-03T10:39:29","guid":{"rendered":"https:\/\/www.franziskaneum.de\/wp\/2015\/04\/03\/schueler-und-eltern-bauen-pflanzkuebel-fuer-den-schulhof\/"},"modified":"2025-03-14T08:51:14","modified_gmt":"2025-03-14T07:51:14","slug":"schueler-und-eltern-bauen-pflanzkuebel-fuer-den-schulhof","status":"publish","type":"post","link":"https:\/\/www.franziskaneum.de\/wp\/2015\/04\/03\/schueler-und-eltern-bauen-pflanzkuebel-fuer-den-schulhof\/","title":{"rendered":"Sch\u00fcler und Eltern bauen Pflanzk\u00fcbel f\u00fcr den Schulhof"},"content":{"rendered":"<p><?xml encoding=\"utf-8\" ?><\/p>\n<p>Am 27.2.2015 trafen sich 8 Sch&uuml;ler aus den Klassen 5\/4, 7\/4, 10\/3, und 10\/4 sowie Frau D&ouml;rnte, Frau Me&szlig;ner mit Sohn Theo, Frau Matthes und Herr Tomasini zum Bau von 5 Pflanzk&uuml;beln auf dem Schulhof des Franziskaneums bei herrlichem Sonnenschein. Dank der hervorragenden Vorbereitung des Materials und der dazugeh&ouml;rigen Arbeitsger&auml;te durch die Tischlerei Matthes, entstanden nach ca. 2 Stunden 5 schmucke und funktionst&uuml;chtige Pflanzk&uuml;bel. Die Ende M&auml;rz zu bepflanzenden K&uuml;bel sollen das Schulgel&auml;nde versch&ouml;nern und die Lernbedingungen verbessern.<br \/>\n<!--more--><br \/>\nVielen Dank f&uuml;r das Engagement und die tatkr&auml;ftige Unterst&uuml;tzung durch Sch&uuml;ler, Eltern und den F&ouml;rderverein.<\/p>\n<p><em>Herr&nbsp;Tomasini, Biologielehrer<\/em><\/p>\n<p>&nbsp;<\/p>\n<div class=\"'gallery'\">\n<dl class=\"gallery-item\">\n<dt class=\"gallery-icon landscape\">\n\t\t\t\t<a href=\"\/wp\/wp-content\/uploads\/2015\/03\/15_kuebel_1.jpg\" data-lightbox=\"gallery\"><img loading=\"lazy\" decoding=\"async\" width=\"150\" height=\"150\" src=\"\/wp\/wp-content\/uploads\/2015\/03\/15_kuebel_1-150x150.jpg\" class=\"attachment-thumbnail size-thumbnail\" alt=\"\"><\/a>\n\t\t\t<\/dt>\n<\/dl>\n<dl class=\"gallery-item\">\n<dt class=\"gallery-icon landscape\">\n\t\t\t\t<a href=\"\/wp\/wp-content\/uploads\/2015\/03\/15_kuebel_2.jpg\" data-lightbox=\"gallery\"><img loading=\"lazy\" decoding=\"async\" width=\"150\" height=\"150\" src=\"\/wp\/wp-content\/uploads\/2015\/03\/15_kuebel_2-150x150.jpg\" class=\"attachment-thumbnail size-thumbnail\" alt=\"\"><\/a>\n\t\t\t<\/dt>\n<\/dl>\n<dl class=\"gallery-item\">\n<dt class=\"gallery-icon landscape\">\n\t\t\t\t<a href=\"\/wp\/wp-content\/uploads\/2015\/03\/15_kuebel_3.jpg\" data-lightbox=\"gallery\"><img loading=\"lazy\" decoding=\"async\" width=\"150\" height=\"150\" src=\"\/wp\/wp-content\/uploads\/2015\/03\/15_kuebel_3-150x150.jpg\" class=\"attachment-thumbnail size-thumbnail\" alt=\"\"><\/a>\n\t\t\t<\/dt>\n<\/dl>\n<p><br style=\"clear: both\"><\/p>\n<dl class=\"gallery-item\">\n<dt class=\"gallery-icon landscape\">\n\t\t\t\t<a href=\"\/wp\/wp-content\/uploads\/2015\/03\/15_kuebel_4.jpg\" data-lightbox=\"gallery\"><img loading=\"lazy\" decoding=\"async\" width=\"150\" height=\"150\" src=\"\/wp\/wp-content\/uploads\/2015\/03\/15_kuebel_4-150x150.jpg\" class=\"attachment-thumbnail size-thumbnail\" alt=\"\"><\/a>\n\t\t\t<\/dt>\n<\/dl>\n<p>\t\t\t<br style=\"clear: both\">\n\t\t<\/p>\n<\/div>\n","protected":false},"excerpt":{"rendered":"<p>Am 27.2.2015 trafen sich 8 Sch&uuml;ler aus den Klassen 5\/4, 7\/4, 10\/3, und 10\/4 sowie Frau D&ouml;rnte, Frau Me&szlig;ner mit Sohn Theo,&#8230;<\/p>\n","protected":false},"author":1,"featured_media":1256,"comment_status":"closed","ping_status":"open","sticky":false,"template":"","format":"standard","meta":{"_kadence_starter_templates_imported_post":false,"_kad_post_transparent":"","_kad_post_title":"","_kad_post_layout":"","_kad_post_sidebar_id":"","_kad_post_content_style":"","_kad_post_vertical_padding":"","_kad_post_feature":"","_kad_post_feature_position":"","_kad_post_header":false,"_kad_post_footer":false,"_kad_post_classname":"","footnotes":""},"categories":[65,1],"tags":[72],"class_list":["post-8211","post","type-post","status-publish","format-standard","has-post-thumbnail","hentry","category-aktuelles","category-allgemein","tag-pflanzen"],"_links":{"self":[{"href":"https:\/\/www.franziskaneum.de\/wp\/wp-json\/wp\/v2\/posts\/8211","targetHints":{"allow":["GET"]}}],"collection":[{"href":"https:\/\/www.franziskaneum.de\/wp\/wp-json\/wp\/v2\/posts"}],"about":[{"href":"https:\/\/www.franziskaneum.de\/wp\/wp-json\/wp\/v2\/types\/post"}],"author":[{"embeddable":true,"href":"https:\/\/www.franziskaneum.de\/wp\/wp-json\/wp\/v2\/users\/1"}],"replies":[{"embeddable":true,"href":"https:\/\/www.franziskaneum.de\/wp\/wp-json\/wp\/v2\/comments?post=8211"}],"version-history":[{"count":4,"href":"https:\/\/www.franziskaneum.de\/wp\/wp-json\/wp\/v2\/posts\/8211\/revisions"}],"predecessor-version":[{"id":10000,"href":"https:\/\/www.franziskaneum.de\/wp\/wp-json\/wp\/v2\/posts\/8211\/revisions\/10000"}],"wp:featuredmedia":[{"embeddable":true,"href":"https:\/\/www.franziskaneum.de\/wp\/wp-json\/wp\/v2\/media\/1256"}],"wp:attachment":[{"href":"https:\/\/www.franziskaneum.de\/wp\/wp-json\/wp\/v2\/media?parent=8211"}],"wp:term":[{"taxonomy":"category","embeddable":true,"href":"https:\/\/www.franziskaneum.de\/wp\/wp-json\/wp\/v2\/categories?post=8211"},{"taxonomy":"post_tag","embeddable":true,"href":"https:\/\/www.franziskaneum.de\/wp\/wp-json\/wp\/v2\/tags?post=8211"}],"curies":[{"name":"wp","href":"https:\/\/api.w.org\/{rel}","templated":true}]}}