{"id":8303,"date":"2017-02-27T15:04:06","date_gmt":"2017-02-27T14:04:06","guid":{"rendered":"https:\/\/www.franziskaneum.de\/wp\/2017\/02\/27\/thomas-de-maiziere-diskutiert-mit-schuelern-und-gaesten\/"},"modified":"2025-03-14T08:50:58","modified_gmt":"2025-03-14T07:50:58","slug":"thomas-de-maiziere-diskutiert-mit-schuelern-und-gaesten","status":"publish","type":"post","link":"https:\/\/www.franziskaneum.de\/wp\/2017\/02\/27\/thomas-de-maiziere-diskutiert-mit-schuelern-und-gaesten\/","title":{"rendered":"Thomas de Maizi\u00e8re diskutiert mit Sch\u00fclern und G\u00e4sten"},"content":{"rendered":"<p><?xml encoding=\"utf-8\" ?><\/p>\n<p style=\"text-align: justify;\">Am 10.02.2017 um 16:30 Uhr war es so weit, der Bundesinnenminister Dr. Thomas de Maizi&egrave;re, lud zu einer Diskussionsveranstaltung ein und besuchte aus diesem Anlass unser Gymnasium. Die Diskussionsveranstaltung &bdquo;Meissner forum&ldquo; trug den Titel &bdquo;Politische Kommunikation im Netz: Was kann man noch glauben?&ldquo;.<\/p>\n<p style=\"text-align: justify;\"><!--more-->Eingeladen waren Lehrer, Sch&uuml;ler, Eltern, interessierte Mei&szlig;ner B&uuml;rger sowie Landrat Arndt Steinbach und andere Regionalpolitiker. Zu Gast war dabei neben Herrn Dr. Thomas de Maizi&egrave;re auch Christian Fischer, der Pressesprecher der CDU-Fraktion im S&auml;chsischen Landtag.&nbsp;Herr Fischer leitete au&szlig;erdem in den vergangenen Jahren die Bild &ndash; Redaktion in Dresden. Somit hat er das n&ouml;tige Fachwissen &uuml;ber die digitalen Medien und konnte als erfahrener Journalist das Grundproblem dem Publikum n&auml;her bringen und verdeutlichte die drastische Ver&auml;nderung unserer heutigen Medienwelt. Er zeigte auf, dass Hass-Reden eigentlich keine neue Sache sind, sondern dass sie schon zur Zeit des Reformators Martin Luther aktuell waren. Der Bundesinnenminister war sehr erfreut und gleichzeitig verwundert, dass auch so zahlreiche Sch&uuml;ler unserer Schule vertreten waren und begr&uuml;ndete seine &Uuml;berraschung damit, dass er wahrscheinlich in diesem Alter nicht unbedingt solch eine Diskussionsrunde besucht h&auml;tte, gerade weil Ferienbeginn ist. Die Diskussion wurde nach der Begr&uuml;&szlig;ung von Herrn Dr. Thomas de Maizi&egrave;re und nach der Einf&uuml;hrung in das Thema durch Herrn Christian Fischer von der Schulleiterin, Frau Heike Zimmer, moderiert. Zwei Stunden lang wurde dann rege diskutiert. Unter anderem, wie man die Richtigkeit von Informationen im Internet kontrollieren kann .Es wurde dar&uuml;ber gesprochen, ob es nicht sinnvoller w&auml;re, mit richtigem Namen im Internet zu agieren oder ob es besser sei , weiterhin teilweise sich in diesen R&auml;umen anonym zu bewegen. Gleichzeitig wurde aber auch bemerkt, dass der Unterricht hinsichtlich der Medienkompetenz ausgeweitet werden sollte. Zu dieser Aussage bezog auch die Schulleiterin Stellung. Letztendlich lief die Diskussion auf die Kontrollierbarkeit des Internets hinaus und auch ein IT-Spezialist bemerkte, dass man im Internet nichts l&ouml;schen kann und dass man auch in diesem Raum anonym bleibt, sofern man dies m&ouml;chte. Der Bundesminister pl&auml;dierte aber trotzdem darauf, dass man es trotz aller H&uuml;rden immer wieder versuchen m&uuml;sse hetzerische, beleidigende und kinderpornografische Inhalte zu l&ouml;schen. Schlussendlich lief die Diskussion darauf hinaus, dass das Internet ein schwieriger Raum ist und man immer versuchen sollte, die Nachrichten, welche man erh&auml;lt, selbst zu verifizieren und mit offenen Augen sich durch die breitgef&auml;cherte Medienlandschaft zu bewegen.<\/p>\n<p><em>Paul Schneider (11.02.2017)<\/em><\/p>\n<p>&nbsp;<\/p>\n<div class=\"'gallery'\">\n<dl class=\"gallery-item\">\n<dt class=\"gallery-icon landscape\">\n\t\t\t\t<a href=\"\/wp\/wp-content\/uploads\/2017\/03\/17Innenminister001-1.jpg\" data-lightbox=\"gallery\"><img loading=\"lazy\" decoding=\"async\" width=\"150\" height=\"150\" src=\"\/wp\/wp-content\/uploads\/2017\/03\/17Innenminister001-1-150x150.jpg\" class=\"attachment-thumbnail size-thumbnail\" alt=\"\"><\/a>\n\t\t\t<\/dt>\n<\/dl>\n<dl class=\"gallery-item\">\n<dt class=\"gallery-icon landscape\">\n\t\t\t\t<a href=\"\/wp\/wp-content\/uploads\/2017\/03\/17Innenminister007.jpg\" data-lightbox=\"gallery\"><img loading=\"lazy\" decoding=\"async\" width=\"150\" height=\"150\" src=\"\/wp\/wp-content\/uploads\/2017\/03\/17Innenminister007-150x150.jpg\" class=\"attachment-thumbnail size-thumbnail\" alt=\"\"><\/a>\n\t\t\t<\/dt>\n<\/dl>\n<dl class=\"gallery-item\">\n<dt class=\"gallery-icon landscape\">\n\t\t\t\t<a href=\"\/wp\/wp-content\/uploads\/2017\/03\/17Innenminister005.jpg\" data-lightbox=\"gallery\"><img loading=\"lazy\" decoding=\"async\" width=\"150\" height=\"150\" src=\"\/wp\/wp-content\/uploads\/2017\/03\/17Innenminister005-150x150.jpg\" class=\"attachment-thumbnail size-thumbnail\" alt=\"\"><\/a>\n\t\t\t<\/dt>\n<\/dl>\n<p><br style=\"clear: both\"><\/p>\n<dl class=\"gallery-item\">\n<dt class=\"gallery-icon landscape\">\n\t\t\t\t<a href=\"\/wp\/wp-content\/uploads\/2017\/03\/17Innenminister004.jpg\" data-lightbox=\"gallery\"><img loading=\"lazy\" decoding=\"async\" width=\"150\" height=\"150\" src=\"\/wp\/wp-content\/uploads\/2017\/03\/17Innenminister004-150x150.jpg\" class=\"attachment-thumbnail size-thumbnail\" alt=\"\"><\/a>\n\t\t\t<\/dt>\n<\/dl>\n<dl class=\"gallery-item\">\n<dt class=\"gallery-icon landscape\">\n\t\t\t\t<a href=\"\/wp\/wp-content\/uploads\/2017\/03\/17Innenminister002.jpg\" data-lightbox=\"gallery\"><img loading=\"lazy\" decoding=\"async\" width=\"150\" height=\"150\" src=\"\/wp\/wp-content\/uploads\/2017\/03\/17Innenminister002-150x150.jpg\" class=\"attachment-thumbnail size-thumbnail\" alt=\"\"><\/a>\n\t\t\t<\/dt>\n<\/dl>\n<dl class=\"gallery-item\">\n<dt class=\"gallery-icon landscape\">\n\t\t\t\t<a href=\"\/wp\/wp-content\/uploads\/2017\/03\/17Innenminister003.jpg\" data-lightbox=\"gallery\"><img loading=\"lazy\" decoding=\"async\" width=\"150\" height=\"150\" src=\"\/wp\/wp-content\/uploads\/2017\/03\/17Innenminister003-150x150.jpg\" class=\"attachment-thumbnail size-thumbnail\" alt=\"\"><\/a>\n\t\t\t<\/dt>\n<\/dl>\n<p><br style=\"clear: both\"><\/p>\n<dl class=\"gallery-item\">\n<dt class=\"gallery-icon landscape\">\n\t\t\t\t<a href=\"\/wp\/wp-content\/uploads\/2017\/03\/17Innenminister001.jpg\" data-lightbox=\"gallery\"><img loading=\"lazy\" decoding=\"async\" width=\"150\" height=\"150\" src=\"\/wp\/wp-content\/uploads\/2017\/03\/17Innenminister001-150x150.jpg\" class=\"attachment-thumbnail size-thumbnail\" alt=\"\"><\/a>\n\t\t\t<\/dt>\n<\/dl>\n<dl class=\"gallery-item\">\n<dt class=\"gallery-icon landscape\">\n\t\t\t\t<a href=\"\/wp\/wp-content\/uploads\/2017\/03\/17Innenminister013.jpg\" data-lightbox=\"gallery\"><img loading=\"lazy\" decoding=\"async\" width=\"150\" height=\"150\" src=\"\/wp\/wp-content\/uploads\/2017\/03\/17Innenminister013-150x150.jpg\" class=\"attachment-thumbnail size-thumbnail\" alt=\"\"><\/a>\n\t\t\t<\/dt>\n<\/dl>\n<dl class=\"gallery-item\">\n<dt class=\"gallery-icon landscape\">\n\t\t\t\t<a href=\"\/wp\/wp-content\/uploads\/2017\/03\/17Innenminister014.jpg\" data-lightbox=\"gallery\"><img loading=\"lazy\" decoding=\"async\" width=\"150\" height=\"150\" src=\"\/wp\/wp-content\/uploads\/2017\/03\/17Innenminister014-150x150.jpg\" class=\"attachment-thumbnail size-thumbnail\" alt=\"\"><\/a>\n\t\t\t<\/dt>\n<\/dl>\n<p><br style=\"clear: both\"><\/p>\n<dl class=\"gallery-item\">\n<dt class=\"gallery-icon landscape\">\n\t\t\t\t<a href=\"\/wp\/wp-content\/uploads\/2017\/03\/17Innenminister009.jpg\" data-lightbox=\"gallery\"><img loading=\"lazy\" decoding=\"async\" width=\"150\" height=\"150\" src=\"\/wp\/wp-content\/uploads\/2017\/03\/17Innenminister009-150x150.jpg\" class=\"attachment-thumbnail size-thumbnail\" alt=\"\"><\/a>\n\t\t\t<\/dt>\n<\/dl>\n<dl class=\"gallery-item\">\n<dt class=\"gallery-icon landscape\">\n\t\t\t\t<a href=\"\/wp\/wp-content\/uploads\/2017\/03\/17Innenminister011.jpg\" data-lightbox=\"gallery\"><img loading=\"lazy\" decoding=\"async\" width=\"150\" height=\"150\" src=\"\/wp\/wp-content\/uploads\/2017\/03\/17Innenminister011-150x150.jpg\" class=\"attachment-thumbnail size-thumbnail\" alt=\"\"><\/a>\n\t\t\t<\/dt>\n<\/dl>\n<dl class=\"gallery-item\">\n<dt class=\"gallery-icon landscape\">\n\t\t\t\t<a href=\"\/wp\/wp-content\/uploads\/2017\/03\/17Innenminister010.jpg\" data-lightbox=\"gallery\"><img loading=\"lazy\" decoding=\"async\" width=\"150\" height=\"150\" src=\"\/wp\/wp-content\/uploads\/2017\/03\/17Innenminister010-150x150.jpg\" class=\"attachment-thumbnail size-thumbnail\" alt=\"\"><\/a>\n\t\t\t<\/dt>\n<\/dl>\n<p><br style=\"clear: both\"><\/p>\n<dl class=\"gallery-item\">\n<dt class=\"gallery-icon landscape\">\n\t\t\t\t<a href=\"\/wp\/wp-content\/uploads\/2017\/03\/17Innenminister012.jpg\" data-lightbox=\"gallery\"><img loading=\"lazy\" decoding=\"async\" width=\"150\" height=\"150\" src=\"\/wp\/wp-content\/uploads\/2017\/03\/17Innenminister012-150x150.jpg\" class=\"attachment-thumbnail size-thumbnail\" alt=\"\"><\/a>\n\t\t\t<\/dt>\n<\/dl>\n<p>\t\t\t<br style=\"clear: both\">\n\t\t<\/p>\n<\/div>\n<hr>\n","protected":false},"excerpt":{"rendered":"<p>Am 10.02.2017 um 16:30 Uhr war es so weit, der Bundesinnenminister Dr. Thomas de Maizi&egrave;re, lud zu einer Diskussionsveranstaltung ein und besuchte&#8230;<\/p>\n","protected":false},"author":1,"featured_media":2602,"comment_status":"closed","ping_status":"open","sticky":false,"template":"","format":"standard","meta":{"_kadence_starter_templates_imported_post":false,"_kad_post_transparent":"","_kad_post_title":"","_kad_post_layout":"","_kad_post_sidebar_id":"","_kad_post_content_style":"","_kad_post_vertical_padding":"","_kad_post_feature":"","_kad_post_feature_position":"","_kad_post_header":false,"_kad_post_footer":false,"_kad_post_classname":"","footnotes":""},"categories":[65,1],"tags":[],"class_list":["post-8303","post","type-post","status-publish","format-standard","has-post-thumbnail","hentry","category-aktuelles","category-allgemein"],"_links":{"self":[{"href":"https:\/\/www.franziskaneum.de\/wp\/wp-json\/wp\/v2\/posts\/8303","targetHints":{"allow":["GET"]}}],"collection":[{"href":"https:\/\/www.franziskaneum.de\/wp\/wp-json\/wp\/v2\/posts"}],"about":[{"href":"https:\/\/www.franziskaneum.de\/wp\/wp-json\/wp\/v2\/types\/post"}],"author":[{"embeddable":true,"href":"https:\/\/www.franziskaneum.de\/wp\/wp-json\/wp\/v2\/users\/1"}],"replies":[{"embeddable":true,"href":"https:\/\/www.franziskaneum.de\/wp\/wp-json\/wp\/v2\/comments?post=8303"}],"version-history":[{"count":3,"href":"https:\/\/www.franziskaneum.de\/wp\/wp-json\/wp\/v2\/posts\/8303\/revisions"}],"predecessor-version":[{"id":10047,"href":"https:\/\/www.franziskaneum.de\/wp\/wp-json\/wp\/v2\/posts\/8303\/revisions\/10047"}],"wp:featuredmedia":[{"embeddable":true,"href":"https:\/\/www.franziskaneum.de\/wp\/wp-json\/wp\/v2\/media\/2602"}],"wp:attachment":[{"href":"https:\/\/www.franziskaneum.de\/wp\/wp-json\/wp\/v2\/media?parent=8303"}],"wp:term":[{"taxonomy":"category","embeddable":true,"href":"https:\/\/www.franziskaneum.de\/wp\/wp-json\/wp\/v2\/categories?post=8303"},{"taxonomy":"post_tag","embeddable":true,"href":"https:\/\/www.franziskaneum.de\/wp\/wp-json\/wp\/v2\/tags?post=8303"}],"curies":[{"name":"wp","href":"https:\/\/api.w.org\/{rel}","templated":true}]}}