{"id":8318,"date":"2017-07-26T05:43:34","date_gmt":"2017-07-26T03:43:34","guid":{"rendered":"https:\/\/www.franziskaneum.de\/wp\/2017\/07\/26\/willkommen-im-neuen-schuljahr-2\/"},"modified":"2025-03-14T08:50:57","modified_gmt":"2025-03-14T07:50:57","slug":"willkommen-im-neuen-schuljahr-2","status":"publish","type":"post","link":"https:\/\/www.franziskaneum.de\/wp\/2017\/07\/26\/willkommen-im-neuen-schuljahr-2\/","title":{"rendered":"Willkommen im neuen Schuljahr!"},"content":{"rendered":"<p>Noch genie\u00dfen unsere Sch\u00fcler die Ferien. Am Montag, den 7. August, starten insgesamt rund 900 Franziskaner in das Schuljahr 2017\/18. Wir w\u00fcnschen allen einen guten Start! Besonders herzlich begr\u00fc\u00dfen wir die 135 Sch\u00fcler der f\u00fcnf 5. Klassen. Sie werden ihre Schulzeit mit einer Feierstunde um 9.00 Uhr in der Aula beginnen. Treffpunkt ist 8.45 Uhr im Foyer der Schule.<\/p>\n<p>&nbsp;<\/p>\n<p>Die Klassen 6 bis 12 beginnen den ersten Schultag zu den <span style=\"text-decoration: underline;\"><a href=\"http:\/\/www.franziskaneum.de\/wordpress\/wp-content\/uploads\/2017\/07\/2017_07_25-Zeiten-1.-Schultag-2017.doc\">hier<\/a><\/span> angegebenen Zeiten. Die jeweiligen Klassenzimmer werden im Foyer des Hauses A ausgewiesen.<\/p>\n<p>&nbsp;<\/p>\n<p><em>Heike Zimmer, Schulleiterin<\/em><\/p>\n<p>&nbsp;<\/p>\n","protected":false},"excerpt":{"rendered":"<p>Noch genie\u00dfen unsere Sch\u00fcler die Ferien. Am Montag, den 7. August, starten insgesamt rund 900 Franziskaner in das Schuljahr 2017\/18. Wir w\u00fcnschen&#8230;<\/p>\n","protected":false},"author":1,"featured_media":0,"comment_status":"closed","ping_status":"open","sticky":false,"template":"","format":"standard","meta":{"_kadence_starter_templates_imported_post":false,"_kad_post_transparent":"","_kad_post_title":"","_kad_post_layout":"","_kad_post_sidebar_id":"","_kad_post_content_style":"","_kad_post_vertical_padding":"","_kad_post_feature":"","_kad_post_feature_position":"","_kad_post_header":false,"_kad_post_footer":false,"_kad_post_classname":"","footnotes":""},"categories":[65],"tags":[],"class_list":["post-8318","post","type-post","status-publish","format-standard","hentry","category-aktuelles"],"_links":{"self":[{"href":"https:\/\/www.franziskaneum.de\/wp\/wp-json\/wp\/v2\/posts\/8318","targetHints":{"allow":["GET"]}}],"collection":[{"href":"https:\/\/www.franziskaneum.de\/wp\/wp-json\/wp\/v2\/posts"}],"about":[{"href":"https:\/\/www.franziskaneum.de\/wp\/wp-json\/wp\/v2\/types\/post"}],"author":[{"embeddable":true,"href":"https:\/\/www.franziskaneum.de\/wp\/wp-json\/wp\/v2\/users\/1"}],"replies":[{"embeddable":true,"href":"https:\/\/www.franziskaneum.de\/wp\/wp-json\/wp\/v2\/comments?post=8318"}],"version-history":[{"count":1,"href":"https:\/\/www.franziskaneum.de\/wp\/wp-json\/wp\/v2\/posts\/8318\/revisions"}],"predecessor-version":[{"id":10867,"href":"https:\/\/www.franziskaneum.de\/wp\/wp-json\/wp\/v2\/posts\/8318\/revisions\/10867"}],"wp:attachment":[{"href":"https:\/\/www.franziskaneum.de\/wp\/wp-json\/wp\/v2\/media?parent=8318"}],"wp:term":[{"taxonomy":"category","embeddable":true,"href":"https:\/\/www.franziskaneum.de\/wp\/wp-json\/wp\/v2\/categories?post=8318"},{"taxonomy":"post_tag","embeddable":true,"href":"https:\/\/www.franziskaneum.de\/wp\/wp-json\/wp\/v2\/tags?post=8318"}],"curies":[{"name":"wp","href":"https:\/\/api.w.org\/{rel}","templated":true}]}}