{"id":8649,"date":"2025-02-05T15:13:42","date_gmt":"2025-02-05T14:13:42","guid":{"rendered":"https:\/\/www.franziskaneum.de\/wp\/1970\/01\/01\/winterlager-gruesse-aus-suedtirol-2\/"},"modified":"2025-03-14T08:49:33","modified_gmt":"2025-03-14T07:49:33","slug":"winterlager-gruesse-aus-suedtirol-2","status":"publish","type":"post","link":"https:\/\/www.franziskaneum.de\/wp\/2025\/02\/05\/winterlager-gruesse-aus-suedtirol-2\/","title":{"rendered":"Winterlager-Gr\u00fc\u00dfe aus S\u00fcdtirol"},"content":{"rendered":"<p>10 Stunden Sonne, auch tags\u00fcber Minusgrade und griffiger Schnee \u2013 bislang ist das Wetter wieder einmal auf unserer Seite und beschert uns tolle Tage in Vals, S\u00fcdtirol. Unsere Anf\u00e4nger machen schnelle Fortschritte und konnten bereits am dritten Tag behaupten, alle drei gro\u00dfe Lifttypen (Gondel, Teller- und Sessellift) mit Bravour gemeistert zu haben. Auch die Fortgeschrittenen haben mittlerweile das gesamte Skigebiet erkundet und verbessern stets ihre Technik. Mal schauen, wer das Skirennen f\u00fcr sich entscheiden kann. M\u00f6glich ist alles! &#x1f60a;<\/p>\n<p><!--more--><\/p>\n<p>&nbsp;<\/p>\n<div class='gallery'>\n<dl class='gallery-item'>\n<dt class='gallery-icon landscape'>\n\t\t\t\t<a href='\/winterlager-gruesse-aus-suedtirol\/rn_image_picker_lib_temp_7ca6c62d-3785-4bf7-9f00-6d1467288a12\/'><img loading=\"lazy\" decoding=\"async\" width=\"150\" height=\"150\" src=\"\/wp\/wp-content\/uploads\/2025\/02\/rn_image_picker_lib_temp_7ca6c62d-3785-4bf7-9f00-6d1467288a12-150x150.jpg\" class=\"attachment-thumbnail size-thumbnail\" alt=\"\" \/><\/a>\n\t\t\t<\/dt>\n<\/dl>\n<dl class='gallery-item'>\n<dt class='gallery-icon portrait'>\n\t\t\t\t<a href='\/winterlager-gruesse-aus-suedtirol\/bild_1_ski\/'><img loading=\"lazy\" decoding=\"async\" width=\"150\" height=\"150\" src=\"\/wp\/wp-content\/uploads\/2025\/02\/Bild_1_Ski-150x150.jpg\" class=\"attachment-thumbnail size-thumbnail\" alt=\"\" \/><\/a>\n\t\t\t<\/dt>\n<\/dl>\n<dl class='gallery-item'>\n<dt class='gallery-icon portrait'>\n\t\t\t\t<a href='\/winterlager-gruesse-aus-suedtirol\/bild_2_ski\/'><img loading=\"lazy\" decoding=\"async\" width=\"150\" height=\"150\" src=\"\/wp\/wp-content\/uploads\/2025\/02\/Bild_2_Ski-150x150.jpg\" class=\"attachment-thumbnail size-thumbnail\" alt=\"\" \/><\/a>\n\t\t\t<\/dt>\n<\/dl>\n<p><br style=\"clear: both\" \/>\n\t\t<\/div>\n","protected":false},"excerpt":{"rendered":"<p>10 Stunden Sonne, auch tags\u00fcber Minusgrade und griffiger Schnee \u2013 bislang ist das Wetter wieder einmal auf unserer Seite und beschert uns&#8230;<\/p>\n","protected":false},"author":4,"featured_media":0,"comment_status":"closed","ping_status":"open","sticky":false,"template":"","format":"standard","meta":{"_kadence_starter_templates_imported_post":false,"_kad_post_transparent":"","_kad_post_title":"","_kad_post_layout":"","_kad_post_sidebar_id":"","_kad_post_content_style":"","_kad_post_vertical_padding":"","_kad_post_feature":"","_kad_post_feature_position":"","_kad_post_header":false,"_kad_post_footer":false,"_kad_post_classname":"","footnotes":""},"categories":[65],"tags":[],"class_list":["post-8649","post","type-post","status-publish","format-standard","hentry","category-aktuelles"],"_links":{"self":[{"href":"https:\/\/www.franziskaneum.de\/wp\/wp-json\/wp\/v2\/posts\/8649","targetHints":{"allow":["GET"]}}],"collection":[{"href":"https:\/\/www.franziskaneum.de\/wp\/wp-json\/wp\/v2\/posts"}],"about":[{"href":"https:\/\/www.franziskaneum.de\/wp\/wp-json\/wp\/v2\/types\/post"}],"author":[{"embeddable":true,"href":"https:\/\/www.franziskaneum.de\/wp\/wp-json\/wp\/v2\/users\/4"}],"replies":[{"embeddable":true,"href":"https:\/\/www.franziskaneum.de\/wp\/wp-json\/wp\/v2\/comments?post=8649"}],"version-history":[{"count":1,"href":"https:\/\/www.franziskaneum.de\/wp\/wp-json\/wp\/v2\/posts\/8649\/revisions"}],"predecessor-version":[{"id":9145,"href":"https:\/\/www.franziskaneum.de\/wp\/wp-json\/wp\/v2\/posts\/8649\/revisions\/9145"}],"wp:attachment":[{"href":"https:\/\/www.franziskaneum.de\/wp\/wp-json\/wp\/v2\/media?parent=8649"}],"wp:term":[{"taxonomy":"category","embeddable":true,"href":"https:\/\/www.franziskaneum.de\/wp\/wp-json\/wp\/v2\/categories?post=8649"},{"taxonomy":"post_tag","embeddable":true,"href":"https:\/\/www.franziskaneum.de\/wp\/wp-json\/wp\/v2\/tags?post=8649"}],"curies":[{"name":"wp","href":"https:\/\/api.w.org\/{rel}","templated":true}]}}